{
    "id": 4725,
    "date": "2021-12-12T17:16:52",
    "date_gmt": "2021-12-12T20:16:52",
    "guid": {
        "rendered": "https:\/\/knk.adv.br\/?p=4725"
    },
    "modified": "2023-08-28T16:55:20",
    "modified_gmt": "2023-08-28T19:55:20",
    "slug": "presidente-do-trf4-recebe-procurador-chefe-da-prr4-e-procurador-regional",
    "status": "publish",
    "type": "post",
    "link": "https:\/\/knk.adv.br\/es\/?p=4725",
    "title": {
        "rendered": "Presidente de TRF4 recibe a Fiscal Jefe de PRR4 y Fiscal Regional"
    },
    "content": {
        "rendered": "<p>El Tribunal Regional Federal de la IV Regi\u00f3n (TRF4) confirm\u00f3 los derechos de prescripci\u00f3n adquisitiva de dos hermanos campesinos sobre 3,8 hect\u00e1reas de terrenos que habr\u00edan sido registrados por la Fundaci\u00f3n Cultural Palmares como \u201cremanentes de tierras de quilombos\u201d. El \u00e1rea est\u00e1 ubicada en Lomba Alta, en Restinga Seca (RS).<\/p>\n\n\n\n<p>Seg\u00fan la decisi\u00f3n un\u00e1nime de la 4\u00aa Sala, tanto el Ministerio P\u00fablico Federal como la comunidad quilombola Vov\u00f4 Geraldo, que representa a los quilombolas, no se oponen a la pretensi\u00f3n de los demandantes.<\/p>\n\n\n\n<p>Los agricultores han estado en la propiedad durante m\u00e1s de 30 a\u00f1os, en posesi\u00f3n pac\u00edfica y pac\u00edfica, y el Instituto Nacional de Colonizaci\u00f3n y Reforma Agraria (Incra) habr\u00eda negado una compensaci\u00f3n por no tener t\u00edtulo p\u00fablico de la tierra.&nbsp;<\/p>\n\n\n\n<p>El 1\u00ba Juzgado Federal de Santo \u00c2ngelo (RS) confirm\u00f3 el proceso, y el Gobierno Federal e Incra apelaron ante el tribunal. Adem\u00e1s de sustentar la imposibilidad de usurpaci\u00f3n por tratarse de terrenos de dominio p\u00fablico, apelaron contra la condenaci\u00f3n de cuotas sucumbenciales ante la Defensor\u00eda P\u00fablica Federal (DPU), en representaci\u00f3n de los autores.<\/p>\n\n\n\n<p>El relator del caso, el juez federal Lu\u00eds Alberto d&#039;Azevedo Aurvalle, destac\u00f3 que el inmueble no estaba vinculado a un fin p\u00fablico, y pod\u00eda sufrir prescripci\u00f3n adquisitiva. En cuanto a la afirmaci\u00f3n de que eran tierras quilombolas, se\u00f1al\u00f3 que la propia comunidad est\u00e1 de acuerdo con los derechos de los autores.<\/p>\n\n\n\n<p>\u201cLos propios representantes de la comunidad no se oponen a la pretensi\u00f3n de prescripci\u00f3n adquisitiva del \u00e1rea objeto del presente litigio, de tal forma que la decisi\u00f3n tomada en primera instancia est\u00e1 en sinton\u00eda con los intereses de la comunidad quilombola, reconociendo la libre determinaci\u00f3n de las comunidades en cuesti\u00f3n para que delimiten sus intereses\u201d, dijo Aurvalle.&nbsp;<\/p>\n\n\n\n<p>Cu\u00e1nto <a href=\"https:\/\/goldensattaking.com\/sheet\/blog\/hgh-cycle-for-women-info\" title=\"ciclo hgh para mujeres informaci\u00f3n\" style=\"text-decoration:none;color:#333;\">ciclo hgh para mujeres informaci\u00f3n<\/a> honorarios, el juez confirm\u00f3 que son un derecho de la DPU cuando act\u00faa como abogado de la parte ganadora en una acci\u00f3n interpuesta contra el Sindicato y sus autoridades.<\/p>",
        "protected": false
    },
    "excerpt": {
        "rendered": "<p>El Tribunal Regional Federal de la 4\u00aa Regi\u00f3n (TRF4) confirm\u00f3 el derecho de prescripci\u00f3n adquisitiva de dos hermanos\u2026<\/p>",
        "protected": false
    },
    "author": 1,
    "featured_media": 4727,
    "comment_status": "closed",
    "ping_status": "open",
    "sticky": false,
    "template": "",
    "format": "standard",
    "meta": {
        "_acf_changed": false,
        "footnotes": ""
    },
    "categories": [
        12
    ],
    "tags": [],
    "class_list": [
        "post-4725",
        "post",
        "type-post",
        "status-publish",
        "format-standard",
        "has-post-thumbnail",
        "hentry",
        "category-destaques"
    ],
    "acf": [],
    "yoast_head": "<!-- This site is optimized with the Yoast SEO plugin v23.6 - https:\/\/yoast.com\/wordpress\/plugins\/seo\/ -->\n<title>Presidente do TRF4 recebe procurador-chefe da PRR4 e Procurador Regional - KNIJNIK ADVOCACIA<\/title>\n<meta name=\"robots\" content=\"index, follow, max-snippet:-1, max-image-preview:large, max-video-preview:-1\" \/>\n<link rel=\"canonical\" href=\"https:\/\/knk.adv.br\/es\/?p=4725\/\" \/>\n<meta property=\"og:locale\" content=\"es_ES\" \/>\n<meta property=\"og:type\" content=\"article\" \/>\n<meta property=\"og:title\" content=\"Presidente do TRF4 recebe procurador-chefe da PRR4 e Procurador Regional - KNIJNIK ADVOCACIA\" \/>\n<meta property=\"og:description\" content=\"O Tribunal Regional Federal da 4\u00aa Regi\u00e3o (TRF4) confirmou o direito de usucapi\u00e3o de dois irm\u00e3os...\" \/>\n<meta property=\"og:url\" content=\"https:\/\/knk.adv.br\/es\/?p=4725\/\" \/>\n<meta property=\"og:site_name\" content=\"KNIJNIK ADVOCACIA\" \/>\n<meta property=\"article:published_time\" content=\"2021-12-12T20:16:52+00:00\" \/>\n<meta property=\"article:modified_time\" content=\"2023-08-28T19:55:20+00:00\" \/>\n<meta property=\"og:image\" content=\"https:\/\/knk.adv.br\/wp-content\/uploads\/2021\/12\/noticia2.jpg\" \/>\n\t<meta property=\"og:image:width\" content=\"551\" \/>\n\t<meta property=\"og:image:height\" content=\"345\" \/>\n\t<meta property=\"og:image:type\" content=\"image\/jpeg\" \/>\n<meta name=\"author\" content=\"artweb_adm\" \/>\n<meta name=\"twitter:card\" content=\"summary_large_image\" \/>\n<meta name=\"twitter:label1\" content=\"Escrito por\" \/>\n\t<meta name=\"twitter:data1\" content=\"artweb_adm\" \/>\n\t<meta name=\"twitter:label2\" content=\"Tiempo de lectura\" \/>\n\t<meta name=\"twitter:data2\" content=\"2 minutos\" \/>\n<script type=\"application\/ld+json\" class=\"yoast-schema-graph\">{\"@context\":\"https:\/\/schema.org\",\"@graph\":[{\"@type\":\"WebPage\",\"@id\":\"https:\/\/knk.adv.br\/?p=4725\",\"url\":\"https:\/\/knk.adv.br\/?p=4725\",\"name\":\"Presidente do TRF4 recebe procurador-chefe da PRR4 e Procurador Regional - KNIJNIK ADVOCACIA\",\"isPartOf\":{\"@id\":\"https:\/\/knk.adv.br\/#website\"},\"primaryImageOfPage\":{\"@id\":\"https:\/\/knk.adv.br\/?p=4725#primaryimage\"},\"image\":{\"@id\":\"https:\/\/knk.adv.br\/?p=4725#primaryimage\"},\"thumbnailUrl\":\"https:\/\/knk.adv.br\/wp-content\/uploads\/2021\/12\/noticia2.jpg\",\"datePublished\":\"2021-12-12T20:16:52+00:00\",\"dateModified\":\"2023-08-28T19:55:20+00:00\",\"author\":{\"@id\":\"https:\/\/knk.adv.br\/#\/schema\/person\/bf003e7de2843e614349668ad283c1b4\"},\"breadcrumb\":{\"@id\":\"https:\/\/knk.adv.br\/?p=4725#breadcrumb\"},\"inLanguage\":\"es\",\"potentialAction\":[{\"@type\":\"ReadAction\",\"target\":[\"https:\/\/knk.adv.br\/?p=4725\"]}]},{\"@type\":\"ImageObject\",\"inLanguage\":\"es\",\"@id\":\"https:\/\/knk.adv.br\/?p=4725#primaryimage\",\"url\":\"https:\/\/knk.adv.br\/wp-content\/uploads\/2021\/12\/noticia2.jpg\",\"contentUrl\":\"https:\/\/knk.adv.br\/wp-content\/uploads\/2021\/12\/noticia2.jpg\",\"width\":551,\"height\":345},{\"@type\":\"BreadcrumbList\",\"@id\":\"https:\/\/knk.adv.br\/?p=4725#breadcrumb\",\"itemListElement\":[{\"@type\":\"ListItem\",\"position\":1,\"name\":\"In\u00edcio\",\"item\":\"https:\/\/knk.adv.br\/\"},{\"@type\":\"ListItem\",\"position\":2,\"name\":\"Presidente do TRF4 recebe procurador-chefe da PRR4 e Procurador Regional\"}]},{\"@type\":\"WebSite\",\"@id\":\"https:\/\/knk.adv.br\/#website\",\"url\":\"https:\/\/knk.adv.br\/\",\"name\":\"KNIJNIK ADVOCACIA\",\"description\":\"\",\"potentialAction\":[{\"@type\":\"SearchAction\",\"target\":{\"@type\":\"EntryPoint\",\"urlTemplate\":\"https:\/\/knk.adv.br\/?s={search_term_string}\"},\"query-input\":{\"@type\":\"PropertyValueSpecification\",\"valueRequired\":true,\"valueName\":\"search_term_string\"}}],\"inLanguage\":\"es\"},{\"@type\":\"Person\",\"@id\":\"https:\/\/knk.adv.br\/#\/schema\/person\/bf003e7de2843e614349668ad283c1b4\",\"name\":\"artweb_adm\",\"image\":{\"@type\":\"ImageObject\",\"inLanguage\":\"es\",\"@id\":\"https:\/\/knk.adv.br\/#\/schema\/person\/image\/\",\"url\":\"https:\/\/secure.gravatar.com\/avatar\/a5e41a76a5e881c0a4e67c413cae49e8?s=96&d=mm&r=g\",\"contentUrl\":\"https:\/\/secure.gravatar.com\/avatar\/a5e41a76a5e881c0a4e67c413cae49e8?s=96&d=mm&r=g\",\"caption\":\"artweb_adm\"},\"sameAs\":[\"http:\/\/artweb.net.br\/v8\"],\"url\":\"https:\/\/knk.adv.br\/es\/?author=1\"}]}<\/script>\n<!-- \/ Yoast SEO plugin. -->",
    "yoast_head_json": {
        "title": "Presidente do TRF4 recebe procurador-chefe da PRR4 e Procurador Regional - KNIJNIK ADVOCACIA",
        "robots": {
            "index": "index",
            "follow": "follow",
            "max-snippet": "max-snippet:-1",
            "max-image-preview": "max-image-preview:large",
            "max-video-preview": "max-video-preview:-1"
        },
        "canonical": "https:\/\/knk.adv.br\/es\/?p=4725\/",
        "og_locale": "es_ES",
        "og_type": "article",
        "og_title": "Presidente do TRF4 recebe procurador-chefe da PRR4 e Procurador Regional - KNIJNIK ADVOCACIA",
        "og_description": "O Tribunal Regional Federal da 4\u00aa Regi\u00e3o (TRF4) confirmou o direito de usucapi\u00e3o de dois irm\u00e3os...",
        "og_url": "https:\/\/knk.adv.br\/es\/?p=4725\/",
        "og_site_name": "KNIJNIK ADVOCACIA",
        "article_published_time": "2021-12-12T20:16:52+00:00",
        "article_modified_time": "2023-08-28T19:55:20+00:00",
        "og_image": [
            {
                "width": 551,
                "height": 345,
                "url": "https:\/\/knk.adv.br\/wp-content\/uploads\/2021\/12\/noticia2.jpg",
                "type": "image\/jpeg"
            }
        ],
        "author": "artweb_adm",
        "twitter_card": "summary_large_image",
        "twitter_misc": {
            "Escrito por": "artweb_adm",
            "Tiempo de lectura": "2 minutos"
        },
        "schema": {
            "@context": "https:\/\/schema.org",
            "@graph": [
                {
                    "@type": "WebPage",
                    "@id": "https:\/\/knk.adv.br\/?p=4725",
                    "url": "https:\/\/knk.adv.br\/?p=4725",
                    "name": "Presidente do TRF4 recebe procurador-chefe da PRR4 e Procurador Regional - KNIJNIK ADVOCACIA",
                    "isPartOf": {
                        "@id": "https:\/\/knk.adv.br\/#website"
                    },
                    "primaryImageOfPage": {
                        "@id": "https:\/\/knk.adv.br\/?p=4725#primaryimage"
                    },
                    "image": {
                        "@id": "https:\/\/knk.adv.br\/?p=4725#primaryimage"
                    },
                    "thumbnailUrl": "https:\/\/knk.adv.br\/wp-content\/uploads\/2021\/12\/noticia2.jpg",
                    "datePublished": "2021-12-12T20:16:52+00:00",
                    "dateModified": "2023-08-28T19:55:20+00:00",
                    "author": {
                        "@id": "https:\/\/knk.adv.br\/#\/schema\/person\/bf003e7de2843e614349668ad283c1b4"
                    },
                    "breadcrumb": {
                        "@id": "https:\/\/knk.adv.br\/?p=4725#breadcrumb"
                    },
                    "inLanguage": "es",
                    "potentialAction": [
                        {
                            "@type": "ReadAction",
                            "target": [
                                "https:\/\/knk.adv.br\/?p=4725"
                            ]
                        }
                    ]
                },
                {
                    "@type": "ImageObject",
                    "inLanguage": "es",
                    "@id": "https:\/\/knk.adv.br\/?p=4725#primaryimage",
                    "url": "https:\/\/knk.adv.br\/wp-content\/uploads\/2021\/12\/noticia2.jpg",
                    "contentUrl": "https:\/\/knk.adv.br\/wp-content\/uploads\/2021\/12\/noticia2.jpg",
                    "width": 551,
                    "height": 345
                },
                {
                    "@type": "BreadcrumbList",
                    "@id": "https:\/\/knk.adv.br\/?p=4725#breadcrumb",
                    "itemListElement": [
                        {
                            "@type": "ListItem",
                            "position": 1,
                            "name": "In\u00edcio",
                            "item": "https:\/\/knk.adv.br\/"
                        },
                        {
                            "@type": "ListItem",
                            "position": 2,
                            "name": "Presidente do TRF4 recebe procurador-chefe da PRR4 e Procurador Regional"
                        }
                    ]
                },
                {
                    "@type": "WebSite",
                    "@id": "https:\/\/knk.adv.br\/#website",
                    "url": "https:\/\/knk.adv.br\/",
                    "name": "KNIJNIK ADVOCACIA",
                    "description": "",
                    "potentialAction": [
                        {
                            "@type": "SearchAction",
                            "target": {
                                "@type": "EntryPoint",
                                "urlTemplate": "https:\/\/knk.adv.br\/?s={search_term_string}"
                            },
                            "query-input": {
                                "@type": "PropertyValueSpecification",
                                "valueRequired": true,
                                "valueName": "search_term_string"
                            }
                        }
                    ],
                    "inLanguage": "es"
                },
                {
                    "@type": "Person",
                    "@id": "https:\/\/knk.adv.br\/#\/schema\/person\/bf003e7de2843e614349668ad283c1b4",
                    "name": "artweb_adm",
                    "image": {
                        "@type": "ImageObject",
                        "inLanguage": "es",
                        "@id": "https:\/\/knk.adv.br\/#\/schema\/person\/image\/",
                        "url": "https:\/\/secure.gravatar.com\/avatar\/a5e41a76a5e881c0a4e67c413cae49e8?s=96&d=mm&r=g",
                        "contentUrl": "https:\/\/secure.gravatar.com\/avatar\/a5e41a76a5e881c0a4e67c413cae49e8?s=96&d=mm&r=g",
                        "caption": "artweb_adm"
                    },
                    "sameAs": [
                        "http:\/\/artweb.net.br\/v8"
                    ],
                    "url": "https:\/\/knk.adv.br\/es\/?author=1"
                }
            ]
        }
    },
    "_links": {
        "self": [
            {
                "href": "https:\/\/knk.adv.br\/es\/index.php?rest_route=\/wp\/v2\/posts\/4725"
            }
        ],
        "collection": [
            {
                "href": "https:\/\/knk.adv.br\/es\/index.php?rest_route=\/wp\/v2\/posts"
            }
        ],
        "about": [
            {
                "href": "https:\/\/knk.adv.br\/es\/index.php?rest_route=\/wp\/v2\/types\/post"
            }
        ],
        "author": [
            {
                "embeddable": true,
                "href": "https:\/\/knk.adv.br\/es\/index.php?rest_route=\/wp\/v2\/users\/1"
            }
        ],
        "replies": [
            {
                "embeddable": true,
                "href": "https:\/\/knk.adv.br\/es\/index.php?rest_route=%2Fwp%2Fv2%2Fcomments&post=4725"
            }
        ],
        "version-history": [
            {
                "count": 2,
                "href": "https:\/\/knk.adv.br\/es\/index.php?rest_route=\/wp\/v2\/posts\/4725\/revisions"
            }
        ],
        "predecessor-version": [
            {
                "id": 5366,
                "href": "https:\/\/knk.adv.br\/es\/index.php?rest_route=\/wp\/v2\/posts\/4725\/revisions\/5366"
            }
        ],
        "wp:featuredmedia": [
            {
                "embeddable": true,
                "href": "https:\/\/knk.adv.br\/es\/index.php?rest_route=\/wp\/v2\/media\/4727"
            }
        ],
        "wp:attachment": [
            {
                "href": "https:\/\/knk.adv.br\/es\/index.php?rest_route=%2Fwp%2Fv2%2Fmedia&parent=4725"
            }
        ],
        "wp:term": [
            {
                "taxonomy": "category",
                "embeddable": true,
                "href": "https:\/\/knk.adv.br\/es\/index.php?rest_route=%2Fwp%2Fv2%2Fcategories&post=4725"
            },
            {
                "taxonomy": "post_tag",
                "embeddable": true,
                "href": "https:\/\/knk.adv.br\/es\/index.php?rest_route=%2Fwp%2Fv2%2Ftags&post=4725"
            }
        ],
        "curies": [
            {
                "name": "wp",
                "href": "https:\/\/api.w.org\/{rel}",
                "templated": true
            }
        ]
    }
}