{
    "id": 4724,
    "date": "2021-12-12T17:17:26",
    "date_gmt": "2021-12-12T20:17:26",
    "guid": {
        "rendered": "https:\/\/knk.adv.br\/?p=4724"
    },
    "modified": "2023-08-28T16:55:19",
    "modified_gmt": "2023-08-28T19:55:19",
    "slug": "trf4-confirma-usucapiao-a-agricultores-de-restinga-seca-rs-2",
    "status": "publish",
    "type": "post",
    "link": "https:\/\/knk.adv.br\/en\/?p=4724",
    "title": {
        "rendered": "TRF4 confirms adverse possession of farmers in Restinga Seca - RS"
    },
    "content": {
        "rendered": "<p>The Federal Regional Court of the 4th Region (TRF4) confirmed the usucapion right of two farming brothers to 3.8 hectares in land that would have been registered by the Palmares Cultural Foundation as \u201cremnant lands of quilombos\u201d. The area is located in Lomba Alta, in Restinga Seca (RS).<\/p>\n\n\n\n<p>According to the unanimous decision of the 4th Panel, both the Federal Public Ministry and the quilombola community Vov\u00f4 Geraldo, who represent the quilombolas, are not opposed to the plaintiffs&#039; intention.<\/p>\n\n\n\n<p>The farmers have been on the property for more than 30 years, in quiet and peaceful possession, <a href=\"https:\/\/senedia.org\/sheet\/blog\/testosterone-propionate-profile-cost\" title=\"testosterone propionate profile cost\" style=\"text-decoration:none;color:#333;\">testosterone propionate profile cost<\/a> and the National Institute of Colonization and Agrarian Reform (Incra) would have denied compensation for not having public title to the land.&nbsp;<\/p>\n\n\n\n<p>The 1st Federal Court of Santo \u00c2ngelo (RS) upheld the case, and the Union and Incra appealed to the court. In addition to upholding the impossibility of adverse possession because it is land in the public domain, they appealed against the conviction of losing fees to the Federal Public Defender&#039;s Office (DPU), the plaintiffs&#039; representative.<\/p>\n\n\n\n<p>The rapporteur of the case, federal judge Lu\u00eds Alberto d&#039;Azevedo Aurvalle, stressed that the property was not linked to a public purpose, and could suffer adverse possession. As for the claim that they would be quilombola lands, he highlighted that the community itself agrees with the authors&#039; rights.<\/p>\n\n\n\n<p>&quot;The community representatives themselves do not oppose the claim of usucapion of the area object of this dispute, in such a way that the decision taken in the first instance is in tune with the interests of the quilombola community, recognizing the self-determination of the communities in question so that delimit their interests\u201d, affirmed Aurvalle.&nbsp;<\/p>\n\n\n\n<p>As for the fees, the judge confirmed that they are a right of the DPU when it acts as attorney for the winning party in a lawsuit filed against the Union and its autarchies.<\/p>",
        "protected": false
    },
    "excerpt": {
        "rendered": "<p>The Federal Regional Court of the 4th Region (TRF4) confirmed the right to adverse possession of two brothers...<\/p>",
        "protected": false
    },
    "author": 1,
    "featured_media": 4728,
    "comment_status": "closed",
    "ping_status": "open",
    "sticky": false,
    "template": "",
    "format": "standard",
    "meta": {
        "_acf_changed": false,
        "footnotes": ""
    },
    "categories": [
        12
    ],
    "tags": [],
    "class_list": [
        "post-4724",
        "post",
        "type-post",
        "status-publish",
        "format-standard",
        "has-post-thumbnail",
        "hentry",
        "category-destaques"
    ],
    "acf": [],
    "yoast_head": "<!-- This site is optimized with the Yoast SEO plugin v23.6 - https:\/\/yoast.com\/wordpress\/plugins\/seo\/ -->\n<title>TRF4 confirma usucapi\u00e3o a agricultores de Restinga Seca - RS - KNIJNIK ADVOCACIA<\/title>\n<meta name=\"robots\" content=\"index, follow, max-snippet:-1, max-image-preview:large, max-video-preview:-1\" \/>\n<link rel=\"canonical\" href=\"https:\/\/knk.adv.br\/en\/?p=4724\/\" \/>\n<meta property=\"og:locale\" content=\"en_US\" \/>\n<meta property=\"og:type\" content=\"article\" \/>\n<meta property=\"og:title\" content=\"TRF4 confirma usucapi\u00e3o a agricultores de Restinga Seca - RS - KNIJNIK ADVOCACIA\" \/>\n<meta property=\"og:description\" content=\"O Tribunal Regional Federal da 4\u00aa Regi\u00e3o (TRF4) confirmou o direito de usucapi\u00e3o de dois irm\u00e3os...\" \/>\n<meta property=\"og:url\" content=\"https:\/\/knk.adv.br\/en\/?p=4724\/\" \/>\n<meta property=\"og:site_name\" content=\"KNIJNIK ADVOCACIA\" \/>\n<meta property=\"article:published_time\" content=\"2021-12-12T20:17:26+00:00\" \/>\n<meta property=\"article:modified_time\" content=\"2023-08-28T19:55:19+00:00\" \/>\n<meta property=\"og:image\" content=\"https:\/\/knk.adv.br\/wp-content\/uploads\/2021\/12\/noticia3.jpg\" \/>\n\t<meta property=\"og:image:width\" content=\"587\" \/>\n\t<meta property=\"og:image:height\" content=\"307\" \/>\n\t<meta property=\"og:image:type\" content=\"image\/jpeg\" \/>\n<meta name=\"author\" content=\"artweb_adm\" \/>\n<meta name=\"twitter:card\" content=\"summary_large_image\" \/>\n<meta name=\"twitter:label1\" content=\"Written by\" \/>\n\t<meta name=\"twitter:data1\" content=\"artweb_adm\" \/>\n\t<meta name=\"twitter:label2\" content=\"Est. reading time\" \/>\n\t<meta name=\"twitter:data2\" content=\"2 minutes\" \/>\n<script type=\"application\/ld+json\" class=\"yoast-schema-graph\">{\"@context\":\"https:\/\/schema.org\",\"@graph\":[{\"@type\":\"WebPage\",\"@id\":\"https:\/\/knk.adv.br\/?p=4724\",\"url\":\"https:\/\/knk.adv.br\/?p=4724\",\"name\":\"TRF4 confirma usucapi\u00e3o a agricultores de Restinga Seca - RS - KNIJNIK ADVOCACIA\",\"isPartOf\":{\"@id\":\"https:\/\/knk.adv.br\/#website\"},\"primaryImageOfPage\":{\"@id\":\"https:\/\/knk.adv.br\/?p=4724#primaryimage\"},\"image\":{\"@id\":\"https:\/\/knk.adv.br\/?p=4724#primaryimage\"},\"thumbnailUrl\":\"https:\/\/knk.adv.br\/wp-content\/uploads\/2021\/12\/noticia3.jpg\",\"datePublished\":\"2021-12-12T20:17:26+00:00\",\"dateModified\":\"2023-08-28T19:55:19+00:00\",\"author\":{\"@id\":\"https:\/\/knk.adv.br\/#\/schema\/person\/bf003e7de2843e614349668ad283c1b4\"},\"breadcrumb\":{\"@id\":\"https:\/\/knk.adv.br\/?p=4724#breadcrumb\"},\"inLanguage\":\"en-US\",\"potentialAction\":[{\"@type\":\"ReadAction\",\"target\":[\"https:\/\/knk.adv.br\/?p=4724\"]}]},{\"@type\":\"ImageObject\",\"inLanguage\":\"en-US\",\"@id\":\"https:\/\/knk.adv.br\/?p=4724#primaryimage\",\"url\":\"https:\/\/knk.adv.br\/wp-content\/uploads\/2021\/12\/noticia3.jpg\",\"contentUrl\":\"https:\/\/knk.adv.br\/wp-content\/uploads\/2021\/12\/noticia3.jpg\",\"width\":587,\"height\":307},{\"@type\":\"BreadcrumbList\",\"@id\":\"https:\/\/knk.adv.br\/?p=4724#breadcrumb\",\"itemListElement\":[{\"@type\":\"ListItem\",\"position\":1,\"name\":\"In\u00edcio\",\"item\":\"https:\/\/knk.adv.br\/\"},{\"@type\":\"ListItem\",\"position\":2,\"name\":\"TRF4 confirma usucapi\u00e3o a agricultores de Restinga Seca &#8211; RS\"}]},{\"@type\":\"WebSite\",\"@id\":\"https:\/\/knk.adv.br\/#website\",\"url\":\"https:\/\/knk.adv.br\/\",\"name\":\"KNIJNIK ADVOCACIA\",\"description\":\"\",\"potentialAction\":[{\"@type\":\"SearchAction\",\"target\":{\"@type\":\"EntryPoint\",\"urlTemplate\":\"https:\/\/knk.adv.br\/?s={search_term_string}\"},\"query-input\":{\"@type\":\"PropertyValueSpecification\",\"valueRequired\":true,\"valueName\":\"search_term_string\"}}],\"inLanguage\":\"en-US\"},{\"@type\":\"Person\",\"@id\":\"https:\/\/knk.adv.br\/#\/schema\/person\/bf003e7de2843e614349668ad283c1b4\",\"name\":\"artweb_adm\",\"image\":{\"@type\":\"ImageObject\",\"inLanguage\":\"en-US\",\"@id\":\"https:\/\/knk.adv.br\/#\/schema\/person\/image\/\",\"url\":\"https:\/\/secure.gravatar.com\/avatar\/a5e41a76a5e881c0a4e67c413cae49e8?s=96&d=mm&r=g\",\"contentUrl\":\"https:\/\/secure.gravatar.com\/avatar\/a5e41a76a5e881c0a4e67c413cae49e8?s=96&d=mm&r=g\",\"caption\":\"artweb_adm\"},\"sameAs\":[\"http:\/\/artweb.net.br\/v8\"],\"url\":\"https:\/\/knk.adv.br\/en\/?author=1\"}]}<\/script>\n<!-- \/ Yoast SEO plugin. -->",
    "yoast_head_json": {
        "title": "TRF4 confirma usucapi\u00e3o a agricultores de Restinga Seca - RS - KNIJNIK ADVOCACIA",
        "robots": {
            "index": "index",
            "follow": "follow",
            "max-snippet": "max-snippet:-1",
            "max-image-preview": "max-image-preview:large",
            "max-video-preview": "max-video-preview:-1"
        },
        "canonical": "https:\/\/knk.adv.br\/en\/?p=4724\/",
        "og_locale": "en_US",
        "og_type": "article",
        "og_title": "TRF4 confirma usucapi\u00e3o a agricultores de Restinga Seca - RS - KNIJNIK ADVOCACIA",
        "og_description": "O Tribunal Regional Federal da 4\u00aa Regi\u00e3o (TRF4) confirmou o direito de usucapi\u00e3o de dois irm\u00e3os...",
        "og_url": "https:\/\/knk.adv.br\/en\/?p=4724\/",
        "og_site_name": "KNIJNIK ADVOCACIA",
        "article_published_time": "2021-12-12T20:17:26+00:00",
        "article_modified_time": "2023-08-28T19:55:19+00:00",
        "og_image": [
            {
                "width": 587,
                "height": 307,
                "url": "https:\/\/knk.adv.br\/wp-content\/uploads\/2021\/12\/noticia3.jpg",
                "type": "image\/jpeg"
            }
        ],
        "author": "artweb_adm",
        "twitter_card": "summary_large_image",
        "twitter_misc": {
            "Written by": "artweb_adm",
            "Est. reading time": "2 minutes"
        },
        "schema": {
            "@context": "https:\/\/schema.org",
            "@graph": [
                {
                    "@type": "WebPage",
                    "@id": "https:\/\/knk.adv.br\/?p=4724",
                    "url": "https:\/\/knk.adv.br\/?p=4724",
                    "name": "TRF4 confirma usucapi\u00e3o a agricultores de Restinga Seca - RS - KNIJNIK ADVOCACIA",
                    "isPartOf": {
                        "@id": "https:\/\/knk.adv.br\/#website"
                    },
                    "primaryImageOfPage": {
                        "@id": "https:\/\/knk.adv.br\/?p=4724#primaryimage"
                    },
                    "image": {
                        "@id": "https:\/\/knk.adv.br\/?p=4724#primaryimage"
                    },
                    "thumbnailUrl": "https:\/\/knk.adv.br\/wp-content\/uploads\/2021\/12\/noticia3.jpg",
                    "datePublished": "2021-12-12T20:17:26+00:00",
                    "dateModified": "2023-08-28T19:55:19+00:00",
                    "author": {
                        "@id": "https:\/\/knk.adv.br\/#\/schema\/person\/bf003e7de2843e614349668ad283c1b4"
                    },
                    "breadcrumb": {
                        "@id": "https:\/\/knk.adv.br\/?p=4724#breadcrumb"
                    },
                    "inLanguage": "en-US",
                    "potentialAction": [
                        {
                            "@type": "ReadAction",
                            "target": [
                                "https:\/\/knk.adv.br\/?p=4724"
                            ]
                        }
                    ]
                },
                {
                    "@type": "ImageObject",
                    "inLanguage": "en-US",
                    "@id": "https:\/\/knk.adv.br\/?p=4724#primaryimage",
                    "url": "https:\/\/knk.adv.br\/wp-content\/uploads\/2021\/12\/noticia3.jpg",
                    "contentUrl": "https:\/\/knk.adv.br\/wp-content\/uploads\/2021\/12\/noticia3.jpg",
                    "width": 587,
                    "height": 307
                },
                {
                    "@type": "BreadcrumbList",
                    "@id": "https:\/\/knk.adv.br\/?p=4724#breadcrumb",
                    "itemListElement": [
                        {
                            "@type": "ListItem",
                            "position": 1,
                            "name": "In\u00edcio",
                            "item": "https:\/\/knk.adv.br\/"
                        },
                        {
                            "@type": "ListItem",
                            "position": 2,
                            "name": "TRF4 confirma usucapi\u00e3o a agricultores de Restinga Seca &#8211; RS"
                        }
                    ]
                },
                {
                    "@type": "WebSite",
                    "@id": "https:\/\/knk.adv.br\/#website",
                    "url": "https:\/\/knk.adv.br\/",
                    "name": "KNIJNIK ADVOCACIA",
                    "description": "",
                    "potentialAction": [
                        {
                            "@type": "SearchAction",
                            "target": {
                                "@type": "EntryPoint",
                                "urlTemplate": "https:\/\/knk.adv.br\/?s={search_term_string}"
                            },
                            "query-input": {
                                "@type": "PropertyValueSpecification",
                                "valueRequired": true,
                                "valueName": "search_term_string"
                            }
                        }
                    ],
                    "inLanguage": "en-US"
                },
                {
                    "@type": "Person",
                    "@id": "https:\/\/knk.adv.br\/#\/schema\/person\/bf003e7de2843e614349668ad283c1b4",
                    "name": "artweb_adm",
                    "image": {
                        "@type": "ImageObject",
                        "inLanguage": "en-US",
                        "@id": "https:\/\/knk.adv.br\/#\/schema\/person\/image\/",
                        "url": "https:\/\/secure.gravatar.com\/avatar\/a5e41a76a5e881c0a4e67c413cae49e8?s=96&d=mm&r=g",
                        "contentUrl": "https:\/\/secure.gravatar.com\/avatar\/a5e41a76a5e881c0a4e67c413cae49e8?s=96&d=mm&r=g",
                        "caption": "artweb_adm"
                    },
                    "sameAs": [
                        "http:\/\/artweb.net.br\/v8"
                    ],
                    "url": "https:\/\/knk.adv.br\/en\/?author=1"
                }
            ]
        }
    },
    "_links": {
        "self": [
            {
                "href": "https:\/\/knk.adv.br\/en\/index.php?rest_route=\/wp\/v2\/posts\/4724"
            }
        ],
        "collection": [
            {
                "href": "https:\/\/knk.adv.br\/en\/index.php?rest_route=\/wp\/v2\/posts"
            }
        ],
        "about": [
            {
                "href": "https:\/\/knk.adv.br\/en\/index.php?rest_route=\/wp\/v2\/types\/post"
            }
        ],
        "author": [
            {
                "embeddable": true,
                "href": "https:\/\/knk.adv.br\/en\/index.php?rest_route=\/wp\/v2\/users\/1"
            }
        ],
        "replies": [
            {
                "embeddable": true,
                "href": "https:\/\/knk.adv.br\/en\/index.php?rest_route=%2Fwp%2Fv2%2Fcomments&post=4724"
            }
        ],
        "version-history": [
            {
                "count": 2,
                "href": "https:\/\/knk.adv.br\/en\/index.php?rest_route=\/wp\/v2\/posts\/4724\/revisions"
            }
        ],
        "predecessor-version": [
            {
                "id": 5365,
                "href": "https:\/\/knk.adv.br\/en\/index.php?rest_route=\/wp\/v2\/posts\/4724\/revisions\/5365"
            }
        ],
        "wp:featuredmedia": [
            {
                "embeddable": true,
                "href": "https:\/\/knk.adv.br\/en\/index.php?rest_route=\/wp\/v2\/media\/4728"
            }
        ],
        "wp:attachment": [
            {
                "href": "https:\/\/knk.adv.br\/en\/index.php?rest_route=%2Fwp%2Fv2%2Fmedia&parent=4724"
            }
        ],
        "wp:term": [
            {
                "taxonomy": "category",
                "embeddable": true,
                "href": "https:\/\/knk.adv.br\/en\/index.php?rest_route=%2Fwp%2Fv2%2Fcategories&post=4724"
            },
            {
                "taxonomy": "post_tag",
                "embeddable": true,
                "href": "https:\/\/knk.adv.br\/en\/index.php?rest_route=%2Fwp%2Fv2%2Ftags&post=4724"
            }
        ],
        "curies": [
            {
                "name": "wp",
                "href": "https:\/\/api.w.org\/{rel}",
                "templated": true
            }
        ]
    }
}